{"id":1256,"date":"2019-11-15T21:44:07","date_gmt":"2019-11-15T21:44:07","guid":{"rendered":"https:\/\/geoalentejo.com\/?p=1256"},"modified":"2019-11-15T21:46:40","modified_gmt":"2019-11-15T21:46:40","slug":"geocoin-planicies-alentejanas","status":"publish","type":"post","link":"https:\/\/geoalentejo.com\/?p=1256","title":{"rendered":"Geocoin &#8220;Plan\u00edcies Alentejanas&#8221;"},"content":{"rendered":"<p>De forma a dar a conhecer um pouco mais do nosso Alentejo, lan\u00e7amos as primeiras vers\u00f5es da Geocoin &#8220;Plan\u00edcies Alentejanas&#8221;.<\/p><p>Esta nova Geocoin tem como objetivo apresentar as diferentes cidades ou vilas que s\u00e3o capitais de concelho no Alentejo. O material escolhido, para estes geocoins \u00e9 obrigatoriamente a corti\u00e7a.<\/p><p>Numa primeira abordagem, vamos lan\u00e7ar 3 vers\u00f5es das cidades mais importantes do Alentejo, Beja, \u00c9vora e Portalegre.<\/p><ul class=\"wp-block-gallery aligncenter columns-3 is-cropped wp-block-gallery-1 is-layout-flex wp-block-gallery-is-layout-flex\"><li class=\"blocks-gallery-item\"><figure><img loading=\"lazy\" decoding=\"async\" width=\"571\" height=\"570\" src=\"https:\/\/geoalentejo.com\/wp-content\/uploads\/2019\/10\/Face-Beja.png\" alt=\"\" data-id=\"1063\" data-link=\"https:\/\/geoalentejo.com\/?attachment_id=1063\" class=\"wp-image-1063\" srcset=\"https:\/\/geoalentejo.com\/wp-content\/uploads\/2019\/10\/Face-Beja.png 571w, https:\/\/geoalentejo.com\/wp-content\/uploads\/2019\/10\/Face-Beja-150x150.png 150w, https:\/\/geoalentejo.com\/wp-content\/uploads\/2019\/10\/Face-Beja-300x300.png 300w, https:\/\/geoalentejo.com\/wp-content\/uploads\/2019\/10\/Face-Beja-100x100.png 100w\" sizes=\"auto, (max-width: 571px) 100vw, 571px\" \/><\/figure><\/li><li class=\"blocks-gallery-item\"><figure><img loading=\"lazy\" decoding=\"async\" width=\"1024\" height=\"982\" src=\"https:\/\/geoalentejo.com\/wp-content\/uploads\/2019\/10\/Face-Evora-1024x982.png\" alt=\"\" data-id=\"1064\" data-link=\"https:\/\/geoalentejo.com\/?attachment_id=1064\" class=\"wp-image-1064\" srcset=\"https:\/\/geoalentejo.com\/wp-content\/uploads\/2019\/10\/Face-Evora-1024x982.png 1024w, https:\/\/geoalentejo.com\/wp-content\/uploads\/2019\/10\/Face-Evora-300x288.png 300w, https:\/\/geoalentejo.com\/wp-content\/uploads\/2019\/10\/Face-Evora-768x737.png 768w, https:\/\/geoalentejo.com\/wp-content\/uploads\/2019\/10\/Face-Evora-600x575.png 600w, https:\/\/geoalentejo.com\/wp-content\/uploads\/2019\/10\/Face-Evora.png 1025w\" sizes=\"auto, (max-width: 1024px) 100vw, 1024px\" \/><\/figure><\/li><li class=\"blocks-gallery-item\"><figure><img loading=\"lazy\" decoding=\"async\" width=\"661\" height=\"666\" src=\"https:\/\/geoalentejo.com\/wp-content\/uploads\/2019\/10\/Face-Portalegre.png\" alt=\"\" data-id=\"1061\" data-link=\"https:\/\/geoalentejo.com\/?attachment_id=1061\" class=\"wp-image-1061\" srcset=\"https:\/\/geoalentejo.com\/wp-content\/uploads\/2019\/10\/Face-Portalegre.png 661w, https:\/\/geoalentejo.com\/wp-content\/uploads\/2019\/10\/Face-Portalegre-150x150.png 150w, https:\/\/geoalentejo.com\/wp-content\/uploads\/2019\/10\/Face-Portalegre-298x300.png 298w, https:\/\/geoalentejo.com\/wp-content\/uploads\/2019\/10\/Face-Portalegre-600x605.png 600w, https:\/\/geoalentejo.com\/wp-content\/uploads\/2019\/10\/Face-Portalegre-100x100.png 100w\" sizes=\"auto, (max-width: 661px) 100vw, 661px\" \/><\/figure><\/li><\/ul><p>Caso pretendam adquirir esta nova colec\u00e7\u00e3o, podem faz\u00ea-lo atrav\u00e9s da nossa loja: <a rel=\"noreferrer noopener\" aria-label=\" (abre num novo separador)\" href=\"https:\/\/geoalentejo.com\/?page_id=565\" target=\"_blank\">https:\/\/geoalentejo.com\/?page_id=565<\/a><\/p><p>Se tiverem alguma dificuldade na encomenda, enviem-nos um email para geocaching.alentejo@gmail.com.<\/p>","protected":false},"excerpt":{"rendered":"<p>De forma a dar a conhecer um pouco mais do nosso Alentejo, lan\u00e7amos as primeiras vers\u00f5es da Geocoin &#8220;Plan\u00edcies Alentejanas&#8221;. Esta nova Geocoin tem como objetivo apresentar as diferentes cidades ou vilas que s\u00e3o capitais de concelho no Alentejo. O&#8230;<br \/><a class=\"read-more-button\" href=\"https:\/\/geoalentejo.com\/?p=1256\">Read more<\/a><\/p>\n","protected":false},"author":2,"featured_media":1258,"comment_status":"closed","ping_status":"open","sticky":false,"template":"","format":"standard","meta":{"footnotes":""},"categories":[1],"tags":[],"class_list":["post-1256","post","type-post","status-publish","format-standard","has-post-thumbnail","hentry","category-geoalentejo"],"_links":{"self":[{"href":"https:\/\/geoalentejo.com\/index.php?rest_route=\/wp\/v2\/posts\/1256","targetHints":{"allow":["GET"]}}],"collection":[{"href":"https:\/\/geoalentejo.com\/index.php?rest_route=\/wp\/v2\/posts"}],"about":[{"href":"https:\/\/geoalentejo.com\/index.php?rest_route=\/wp\/v2\/types\/post"}],"author":[{"embeddable":true,"href":"https:\/\/geoalentejo.com\/index.php?rest_route=\/wp\/v2\/users\/2"}],"replies":[{"embeddable":true,"href":"https:\/\/geoalentejo.com\/index.php?rest_route=%2Fwp%2Fv2%2Fcomments&post=1256"}],"version-history":[{"count":4,"href":"https:\/\/geoalentejo.com\/index.php?rest_route=\/wp\/v2\/posts\/1256\/revisions"}],"predecessor-version":[{"id":1261,"href":"https:\/\/geoalentejo.com\/index.php?rest_route=\/wp\/v2\/posts\/1256\/revisions\/1261"}],"wp:featuredmedia":[{"embeddable":true,"href":"https:\/\/geoalentejo.com\/index.php?rest_route=\/wp\/v2\/media\/1258"}],"wp:attachment":[{"href":"https:\/\/geoalentejo.com\/index.php?rest_route=%2Fwp%2Fv2%2Fmedia&parent=1256"}],"wp:term":[{"taxonomy":"category","embeddable":true,"href":"https:\/\/geoalentejo.com\/index.php?rest_route=%2Fwp%2Fv2%2Fcategories&post=1256"},{"taxonomy":"post_tag","embeddable":true,"href":"https:\/\/geoalentejo.com\/index.php?rest_route=%2Fwp%2Fv2%2Ftags&post=1256"}],"curies":[{"name":"wp","href":"https:\/\/api.w.org\/{rel}","templated":true}]}}