{"id":1951,"date":"2019-12-21T22:31:34","date_gmt":"2019-12-21T22:31:34","guid":{"rendered":"https:\/\/geoalentejo.com\/?p=1951"},"modified":"2020-01-10T11:48:41","modified_gmt":"2020-01-10T11:48:41","slug":"geo-alentejo-7o-aniversario","status":"publish","type":"post","link":"https:\/\/geoalentejo.com\/?p=1951","title":{"rendered":"Geo Alentejo &#8211; 7\u00ba Anivers\u00e1rio"},"content":{"rendered":"<p>O\n Geo Alentejo nasceu no dia 8 de Janeiro de 2013, a partir da amizade \nque une um grupo de amigos e aventureiros, no objectivo de promover o \nmelhor do que h\u00e1 escondido pelo Alentejo. Desde ent\u00e3o o nosso grupo tem \ncrescido e s\u00e3o cada vez mais os nossos membros, amigos e simpatizantes, \nsendo estes os principais respons\u00e1veis pela nossa exist\u00eancia.<\/p><p><strong>A<\/strong> <strong>11 e 12 de Janeiro de 2020<\/strong> <strong>voltamos a reunir-nos para comemorar o 7\u00ba Anivers\u00e1rio do Geo Alentejo<\/strong>.\n Ser\u00e1 a vez de Vila Vi\u00e7osa nos e vos acolher a todos, com Honras Reais, \nquais duques e condessas, marqueses e duquesas, verdadeiros reis e \nrainhas desta arte que \u00e9 o Geocaching.<\/p><p>Vila Vi\u00e7osa, n\u00facleo de hist\u00f3ria, arte e  cultura, sem par no nosso Portugal, ser\u00e1 o ponto de encontro para um  fim-de-semana diferente, divertido e rico em conhecimento cultural.<\/p><p> O listing oficial pode ser consultado no seguinte <a href=\"https:\/\/coord.info\/GC8FTRD\" target=\"_blank\" rel=\"noreferrer noopener\" aria-label=\" (abre num novo separador)\">LINK<\/a>. <\/p><h2 class=\"wp-block-heading\">As inscri\u00e7\u00f5es nas actividades e jantar de anivers\u00e1rio, devem ser feitas no seguinte <a href=\"https:\/\/docs.google.com\/forms\/d\/e\/1FAIpQLSd9Wz-N5t4BFN9C_H7lqd9hjUxDOUr6BtHzhi_ynqxPFh_omQ\/viewform?usp=sf_link\" target=\"_blank\" rel=\"noreferrer noopener\" aria-label=\" (abre num novo separador)\">LINK<\/a>.<\/h2><p> O programa do evento \u00e9 o seguinte: <\/p><h3 class=\"wp-block-heading\">Dia 11<\/h3><p><strong>09H00 |<\/strong> Abertura do Check-In<br><strong>10H00 |<\/strong> Visita ao Pal\u00e1cio Ducal de Vila Vi\u00e7osa<\/p><p> Nota: A visita ao Pal\u00e1cio Ducal de Vila Vi\u00e7osa poder\u00e1 ter um custo de  at\u00e9 7\u20ac (maiores de 12 Anos) ou 3,5\u20ac ( +12A c\/ Cart\u00e3o de Estudante). <\/p><p><br><em>&#8211; Tempo de Almo\u00e7o &#8211;<\/em><br><strong>15H00 |<\/strong>&nbsp;Visita ao Museu do M\u00e1rmore <br><strong><em>Vi\u00e7osa Terra de Culturas<\/em><\/strong> &#8211; Peddy Papper <br><strong>18H00 |<\/strong> Fim do Peddy Papper<br><strong>18H30 |<\/strong>&nbsp;Fecho do Check-In<br><strong>20H00 |<\/strong> Jantar de Anivers\u00e1rio <\/p><p>NOTA: O Jantar tem o seguinte custo:<br>0-5 Anos: Gr\u00e1tis<br>6-17 Anos: 7,5\u20ac<br>&gt;=18 Anos: 17,5\u20ac<\/p><p>Ementa:<\/p><p>ENTRADAS<br>\nSOPA: Creme de Cenoura<br>\nPRATO DE CARNE: Carne de Porco \u00e0 Alentejana<br>\nGUARNI\u00c7\u00c3O SUPLEMENTAR: Migas<br>\nPRATO DE PEIXE: Bacalhau com Espinafres e Camar\u00e3o<br>\nBEBIDAS (de acompanhamento \u00e0 refei\u00e7\u00e3o)<br>\nCARTA DE DOCES<br>\nBOLO DE ANIVERS\u00c1RIO<br>\nCAF\u00c9<\/p><h3 class=\"wp-block-heading\">Dia 12<\/h3><p><strong>09H00 |<\/strong> Check-In<br><strong>09H30 |<\/strong> Viv\u00eancias Calipolenses:<br>                 &#8211; <em>Visita ao Santu\u00e1rio da Rainha e Padroeira de Portugal<\/em><br>                 &#8211; <em>Momento Florbela Espanca<\/em> <br><strong>10H30 |\u00a0CITO &#8211; LIMPEZA DE RESIDUOS NA \u00c1REA INTERIOR E ENVOLVENTE\u00a0DO CASTELO **<\/strong><br><strong>11H30\u00a0|<\/strong> Visita ao Museu da Ca\u00e7a e Arqueologia\u00a0<br><strong>13H00 |<\/strong>\u00a0Fim do Evento<\/p><p><em><strong>** O Staff Geo Alentejo disponibilizar\u00e1 os utencilios e equipamentos de prote\u00e7\u00e3o individual necess\u00e1rios \u00e0 ac\u00e7\u00e3o de limpeza.<\/strong><\/em><\/p><p><\/p><div class=\"wp-block-image\"><figure class=\"aligncenter is-resized\"><img loading=\"lazy\" decoding=\"async\" src=\"https:\/\/images2.imgbox.com\/ea\/5b\/GuBE29vZ_o.png\" alt=\"\" width=\"263\" height=\"322\"\/><\/figure><\/div><p>Vila\n Vi\u00e7osa \u00e9 conhecida como a \u201cPrincesa do Alentejo\u201d. Apesar de pequena, \u00e9 \numa das mais preciosas e encantadoras joias do&nbsp;Alentejo, uma \n\u201cvila-museu\u201d.<\/p><p>Sejam bem-vindos a Vila Vi\u00e7osa, lugar eterno da Rainha de Portugal\u2026 Vila Princesa do Alentejo!!<\/p><p>Aqui, a Hist\u00f3ria faz-se de hist\u00f3rias, contada pelas igrejas, pelos conventos, pal\u00e1cios, museus e pelas pr\u00f3prias ruas e gentes.<\/p><p>Antes de n\u00f3s, h\u00e1 muitos muitos anos, por \nc\u00e1 passaram os romanos e os mu\u00e7ulmanos. Nestas terras lutou D. Afonso \nII, de cognome \u00abo Gordo\u00bb, que as conquistou definitivamente para o Reino\n de Portugal em 1217. Por estes <em>vi\u00e7osos<\/em> campos se enamorou D. \nAfonso III, \u00abo Bolonh\u00eas\u00bb, que lhe concedeu foral de Vila em 1270. Pois \n\u00e9: 131 anos depois da funda\u00e7\u00e3o de Portugal, j\u00e1 estas terras recebiam \nhonras reais de \u201cVila\u201d.<\/p><p>Pela seguran\u00e7a destes vales temeu D. Dinis \u00abo Lavrador\u00bb, e aqui mandou construir o imponente Castelo por eras do S\u00e9c. XIV.<\/p><p>Parte do Ducado de Bragan\u00e7a desde 1461, \u00e9\n em 1502 com o in\u00edcio da Constru\u00e7\u00e3o do Pal\u00e1cio a mando do Duque D. Jaime\n I de Bragan\u00e7a, que Vila Vi\u00e7osa \u00e9 elevada a sede do mesmo Ducado de \nBragan\u00e7a.<\/p><p><em>\u00abAntes Rainha por um dia, que princesa toda a vida.\u00bb<\/em>\n Foram estas as palavras de D. Lu\u00edsa Francisca de Gusm\u00e3o, que \nconvenceram seu esposo D. Jo\u00e3o II, Duque de Bragan\u00e7a, a deixar os seus \naposentos no Pal\u00e1cio Ducal de Vila Vi\u00e7osa em 1 de Dezembro de 1640 e \narriscar a pr\u00f3pria vida marchando sobre Lisboa para restaurar o Reino de\n Portugal. Foi aclamado Rei, El\u2019Rei D. Jo\u00e3o IV \u00abo Restaurador\u00bb, a 15 de \nDezembro de 1640. Fixe este par\u00e1grafo \u2013 pode dar jeito num qualquer \nconcurso de cultura geral da TV portuguesa.<\/p><p>Aqui se ajoelhou o mesmo D. Jo\u00e3o IV aos \np\u00e9s da Imaculada Concei\u00e7\u00e3o em 1646, coroando-a como Rainha e Padroeira \nde Portugal para todo o sempre e colocando sob o seu sagrado a prote\u00e7\u00e3o \ndos Portugueses. Desde esse dia, nenhum outro Rei portugu\u00eas fez uso da \ncoroa real.<\/p><p>Resid\u00eancia Real de F\u00e9rias da Dinastia de \nBragan\u00e7a, Vila Vi\u00e7osa sentiu de perto o atravessar dos tempos e da \nhist\u00f3ria. Abalada pelo terramoto de 1755, renasceu e resistiu \nestoicamente \u00e0 pilhagem das invas\u00f5es francesas do S\u00e9c. XIX.<\/p><p>Daqui partiu El\u2019Rei D. Carlos, ultimo Rei\n de Portugal, e seu herdeiro, o Pr\u00edncipe Real D. Lu\u00eds Filipe, para \naquela que viria a ser a sua \u00faltima viagem de regresso a Lisboa em 01 de\n Fevereiro de 1908, onde acabariam assassinados \u00e0s m\u00e3os da odiosa e \ndesenfreada f\u00faria dos republicanos. Saqueada e despojada de suas \nriquezas \u00e0 ordem dos ideais jacobinos no in\u00edcio do S\u00e9c. XX desejosos que\n estavam de varrer da hist\u00f3ria e da mem\u00f3ria a gloriosa hist\u00f3ria \nmon\u00e1rquica portuguesa, Vila Vi\u00e7osa resiste e renasce, uma vez mais, e \nnovamente, pelas riquezas dos seus solos, eternos vales vi\u00e7osos. Oro \nBranco, Rico M\u00e1rmore, que se faz descobrir das profundezas rochosas \ndesde 1930.<\/p><p>Por aqui nasceram, viveram, se enamoram \nou inspiraram figuras de especial relevo da cultura, artes e ci\u00eancias \nportuguesas: Florbela Espanca, inolvid\u00e1vel Poetisa; P\u00fablia Hort\u00eancia de \nCastro, grande e primeira figura feminina das letras portuguesas, \nprimeira mulher a dar uma confer\u00eancia p\u00fablica; Henrique Pous\u00e3o, figura \nincontorn\u00e1vel da pintura portuguesa do S\u00e9c. XIX; Bento de Jesus Cara\u00e7a, \nMatem\u00e1tico e Mestre de renome no meio acad\u00e9mico Portugu\u00eas do Sec. XX; \nentre tantas outras figuras.<\/p><p>Mais uma dica para o milh\u00e3o no programa TV: Aqui vivemos os Calipolenses \u2026 com muito orgulho!<\/p><figure class=\"wp-block-image\"><img decoding=\"async\" src=\"https:\/\/images2.imgbox.com\/1e\/ce\/rlrHxt4e_o.jpg\" alt=\"\"\/><\/figure>","protected":false},"excerpt":{"rendered":"<p>O Geo Alentejo nasceu no dia 8 de Janeiro de 2013, a partir da amizade que une um grupo de amigos e aventureiros, no objectivo de promover o melhor do que h\u00e1 escondido pelo Alentejo. Desde ent\u00e3o o nosso grupo&#8230;<br \/><a class=\"read-more-button\" href=\"https:\/\/geoalentejo.com\/?p=1951\">Read more<\/a><\/p>\n","protected":false},"author":2,"featured_media":1954,"comment_status":"closed","ping_status":"open","sticky":false,"template":"","format":"standard","meta":{"footnotes":""},"categories":[1],"tags":[],"class_list":["post-1951","post","type-post","status-publish","format-standard","has-post-thumbnail","hentry","category-geoalentejo"],"_links":{"self":[{"href":"https:\/\/geoalentejo.com\/index.php?rest_route=\/wp\/v2\/posts\/1951","targetHints":{"allow":["GET"]}}],"collection":[{"href":"https:\/\/geoalentejo.com\/index.php?rest_route=\/wp\/v2\/posts"}],"about":[{"href":"https:\/\/geoalentejo.com\/index.php?rest_route=\/wp\/v2\/types\/post"}],"author":[{"embeddable":true,"href":"https:\/\/geoalentejo.com\/index.php?rest_route=\/wp\/v2\/users\/2"}],"replies":[{"embeddable":true,"href":"https:\/\/geoalentejo.com\/index.php?rest_route=%2Fwp%2Fv2%2Fcomments&post=1951"}],"version-history":[{"count":11,"href":"https:\/\/geoalentejo.com\/index.php?rest_route=\/wp\/v2\/posts\/1951\/revisions"}],"predecessor-version":[{"id":2333,"href":"https:\/\/geoalentejo.com\/index.php?rest_route=\/wp\/v2\/posts\/1951\/revisions\/2333"}],"wp:featuredmedia":[{"embeddable":true,"href":"https:\/\/geoalentejo.com\/index.php?rest_route=\/wp\/v2\/media\/1954"}],"wp:attachment":[{"href":"https:\/\/geoalentejo.com\/index.php?rest_route=%2Fwp%2Fv2%2Fmedia&parent=1951"}],"wp:term":[{"taxonomy":"category","embeddable":true,"href":"https:\/\/geoalentejo.com\/index.php?rest_route=%2Fwp%2Fv2%2Fcategories&post=1951"},{"taxonomy":"post_tag","embeddable":true,"href":"https:\/\/geoalentejo.com\/index.php?rest_route=%2Fwp%2Fv2%2Ftags&post=1951"}],"curies":[{"name":"wp","href":"https:\/\/api.w.org\/{rel}","templated":true}]}}