{"id":21864,"date":"2025-12-09T10:18:07","date_gmt":"2025-12-09T10:18:07","guid":{"rendered":"https:\/\/geoalentejo.com\/?p=21864"},"modified":"2026-01-06T11:35:33","modified_gmt":"2026-01-06T11:35:33","slug":"geo-alentejo-13o-aniversario","status":"publish","type":"post","link":"https:\/\/geoalentejo.com\/?p=21864","title":{"rendered":"Geo Alentejo \u2013 13\u00ba Anivers\u00e1rio"},"content":{"rendered":"<p class=\"has-x-large-font-size\"><\/p><p>O nosso 13\u00ba Anivers\u00e1rio, vai ser comemorado nos dias 10 e 11 de Janeiro de 2026. O convite desta vez ser\u00e1 a visita ao munic\u00edpio de Vidigueira. Venham festejar connosco e visitar esta bela vila que j\u00e1 foi designada de \u201cSintra do Alentejo\u201d gra\u00e7as \u00e0 sua vegeta\u00e7\u00e3o relativamente exuberante, \u00e0 abund\u00e2ncia de \u00e1gua, \u00e0 riqueza dos solos e ao facto de estar encostada \u00e0 serra do Mendro.<\/p><h4 class=\"wp-block-heading\"><strong>O listing oficial pode ser consultado no seguinte&nbsp;<\/strong><a href=\"https:\/\/coord.info\/GCBCQMM\" target=\"_blank\" rel=\"noreferrer noopener\">LINK<\/a><\/h4><h3 class=\"wp-block-heading\">As inscri\u00e7\u00f5es nas atividades e jantar de anivers\u00e1rio, devem ser efetuadas no seguinte <a href=\"https:\/\/forms.gle\/QBBZV1gGdSP3UE5x9\" target=\"_blank\" rel=\"noreferrer noopener\">LINK<\/a><\/h3><h3 class=\"wp-block-heading\"><strong>Grupo WhatsApp: <a href=\"https:\/\/chat.whatsapp.com\/JZ8db9NTcNc5DzMrHuEmfS\" target=\"_blank\" rel=\"noreferrer noopener\">LINK<\/a><\/strong><\/h3><h2 class=\"wp-block-heading\">Programa<\/h2><p><\/p><p class=\"has-medium-font-size\"><strong>S\u00e1bado (10\/11):<\/strong><\/p><p class=\"has-small-font-size\"><strong>09H30 &#8211; Abertura do check-in<br><\/strong>O espa\u00e7o do check-in do evento ficar\u00e1 localizado na Biblioteca Doutor Palma Caetano e ser\u00e1 um local em que os participantes do evento poder\u00e3o recorrer durante o fim de semana. Neste local teremos o nosso Staff pronto para vos receber, um espa\u00e7o para venda de Geocoins, troca de trackables e algumas surpresas de anivers\u00e1rio que possam surgir.<\/p><p class=\"has-small-font-size\"><strong>10H30 &#8211; Visita Vila Romana de S\u00e3o Cucufate <\/strong><br>Visita ao emblem\u00e1tico monumento do concelho, que consiste nas ru\u00ednas de um complexo do per\u00edodo romano. \u00c9 provavelmente umas das maiores vilas romanas em Portugal e um exemplar \u00fanico na Pen\u00ednsula Ib\u00e9rica por conservar o acesso ao primeiro andar do edif\u00edcio principal. As paredes de S\u00e3o Cucufate guardam segredos ainda por desvendar, com conota\u00e7\u00e3o religiosa e profana. Uma visita a n\u00e3o perder.<br><\/p><p class=\"has-small-font-size\"><strong>15H00 &#8211; Visita Centro Interpretativo Vinho Talha (+Prova de Vinhos)&nbsp;<\/strong><br>Visita a um espa\u00e7o cultural que pauta o ciclo de vida daquele que \u00e9 um produto end\u00f3geno muito apreciado, revestido de ancestralidade e imaterialidade, que caracteriza Vila de Frades.<br><\/p><p class=\"has-small-font-size\"><strong>17H00 &#8211; Workshop sobre Geocaching<br><\/strong>Atividade dedicada a curiosos e a geocachers, que est\u00e3o a iniciar-se neste jogo. Ser\u00e1 um momento de descontra\u00e7\u00e3o, onde vamos partilhar o nosso conhecimento.<\/p><p class=\"has-small-font-size\"><strong>17H30 &#8211; Encerramento do check-in<\/strong><\/p><p class=\"has-small-font-size\"><strong>20H00 &#8211; Jantar de Anivers\u00e1rio<br><\/strong><br>Para celebrar o nosso 13\u00ba anivers\u00e1rio, propomos a todos os participantes um jantar na Taberna Z\u00e9 Galante.<br><br>Durante o jantar, teremos a atua\u00e7\u00e3o do cantador local, Lu\u00eds Simenta.<br><br>A ementa \u00e9 a seguinte:<br><br>Entradas:<br><br>Queijo fresco de cabra<br>Queijo de ovelha curado<br>Paio de porco preto<br>P\u00e3o e Azeitonas<br><br>Pratos:<br><br>Sopa de Ca\u00e7\u00e3o<br>Carne de Porco \u00e0 Alentejana, com migas<br><br>Bebidas:<br>Sumos, \u00c1guas, Vinho Branco, Palheto e Tinto de talha<br><br>Sobremesa, Caf\u00e9 e Digestivo<br><br><strong>Valores:<\/strong><br>At\u00e9 aos 12 anos: 0\u20ac<br>Mais de 12 anos: 30\u20ac<br><br><strong>Existe um limite de 60 participantes no jantar.<\/strong><\/p><p class=\"has-medium-font-size\"><strong>Domingo:<\/strong><\/p><p class=\"has-small-font-size\"><strong>09H30 &#8211; Caminhada (Aproximadamente 8KM &#8211; Dificuldade M\u00e9dia)<br><\/strong>Percurso circular (PER2 -Trilhos Nossa Senhora da Guadalupe) com in\u00edcio no GZ do evento (Mercado Municipal da Vidigueira). Durante o percurso dever\u00e3o aparecer algumas geocaches novas.<br>A caminhada \u00e9 gratu\u00edta (sem seguro), cada participante caminha por sua conta e risco.<\/p><p class=\"has-small-font-size\"><strong>15H00 &#8211; Corrida Trackables (Fim e In\u00edcio)<br><\/strong>Evento para marcar o fim da II Baja TB Alentejo e in\u00edcio da 3\u00aa edi\u00e7\u00e3o. Mais informa\u00e7\u00f5es em breve.<\/p><p><\/p>","protected":false},"excerpt":{"rendered":"<p>O nosso 13\u00ba Anivers\u00e1rio, vai ser comemorado nos dias 10 e 11 de Janeiro de 2026. O convite desta vez ser\u00e1 a visita ao munic\u00edpio de Vidigueira. Venham festejar connosco e visitar esta bela vila que j\u00e1 foi designada de&#8230;<br \/><a class=\"read-more-button\" href=\"https:\/\/geoalentejo.com\/?p=21864\">Read more<\/a><\/p>\n","protected":false},"author":1,"featured_media":21875,"comment_status":"closed","ping_status":"open","sticky":false,"template":"","format":"standard","meta":{"footnotes":""},"categories":[3,1],"tags":[],"class_list":["post-21864","post","type-post","status-publish","format-standard","has-post-thumbnail","hentry","category-eventos","category-geoalentejo"],"_links":{"self":[{"href":"https:\/\/geoalentejo.com\/index.php?rest_route=\/wp\/v2\/posts\/21864","targetHints":{"allow":["GET"]}}],"collection":[{"href":"https:\/\/geoalentejo.com\/index.php?rest_route=\/wp\/v2\/posts"}],"about":[{"href":"https:\/\/geoalentejo.com\/index.php?rest_route=\/wp\/v2\/types\/post"}],"author":[{"embeddable":true,"href":"https:\/\/geoalentejo.com\/index.php?rest_route=\/wp\/v2\/users\/1"}],"replies":[{"embeddable":true,"href":"https:\/\/geoalentejo.com\/index.php?rest_route=%2Fwp%2Fv2%2Fcomments&post=21864"}],"version-history":[{"count":19,"href":"https:\/\/geoalentejo.com\/index.php?rest_route=\/wp\/v2\/posts\/21864\/revisions"}],"predecessor-version":[{"id":21899,"href":"https:\/\/geoalentejo.com\/index.php?rest_route=\/wp\/v2\/posts\/21864\/revisions\/21899"}],"wp:featuredmedia":[{"embeddable":true,"href":"https:\/\/geoalentejo.com\/index.php?rest_route=\/wp\/v2\/media\/21875"}],"wp:attachment":[{"href":"https:\/\/geoalentejo.com\/index.php?rest_route=%2Fwp%2Fv2%2Fmedia&parent=21864"}],"wp:term":[{"taxonomy":"category","embeddable":true,"href":"https:\/\/geoalentejo.com\/index.php?rest_route=%2Fwp%2Fv2%2Fcategories&post=21864"},{"taxonomy":"post_tag","embeddable":true,"href":"https:\/\/geoalentejo.com\/index.php?rest_route=%2Fwp%2Fv2%2Ftags&post=21864"}],"curies":[{"name":"wp","href":"https:\/\/api.w.org\/{rel}","templated":true}]}}