{"id":263,"date":"2015-06-24T17:16:31","date_gmt":"2015-06-24T17:16:31","guid":{"rendered":"https:\/\/geoalentejo.com\/?p=263"},"modified":"2015-06-24T17:16:31","modified_gmt":"2015-06-24T17:16:31","slug":"tour-geo-alentejo-via-verde-bajo-guadiana-la-isabel-puerto-de-la-laja","status":"publish","type":"post","link":"https:\/\/geoalentejo.com\/?p=263","title":{"rendered":"Tour Geo Alentejo &#8211;  Via Verde Bajo Guadiana (La Isabel \u2013 Puerto de La Laja)"},"content":{"rendered":"<p>O dia come\u00e7ou bem cedo\u2026 Alvorada pelas 05:00h da manh\u00e3! Uma hora que inicialmente n\u00e3o foi muito consensual entre todos, mas que se mostraria acertada\u2026 M\u00e9rtola viria a ser o ponto de encontro para quem seguia de Beja e de Castro Verde. Nesse ponto de encontro dar\u00edamos conta que o pessoal de \u00c9vora estava um pouco atrasado\u2026 equivocados com tantas mudan\u00e7as de hor\u00e1rio que houve nos dias anteriores, acabariam por sair mais tarde. Decidimos ent\u00e3o arrancar para o in\u00edcio do PT, e depois durante o percurso logo nos junt\u00e1vamos todos.<\/p>\n<p>Dali ao Pomar\u00e3o foi um pulinho e avistar o Guadiana em pano de fundo, deu mais alento ao que viria ser o objectivo final da caminhada. Num PT que requer alguma prepara\u00e7\u00e3o de log\u00edstica, deix\u00e1mos um carro no final, em Puerto de La Laja, para depois no final resgatarmos os outros carros que ficaram no in\u00edcio, e dessa forma poupar o esfor\u00e7o que seria uma caminhada de regresso. Carro estacionado, siga para Minas La Isabel! Durante o caminho ainda deu para ter no\u00e7\u00e3o de alguns dos s\u00edtios por onde ir\u00edamos passar.<\/p>\n<p><img loading=\"lazy\" decoding=\"async\" class=\"lightboxContent aligncenter\" src=\"https:\/\/cld.pt\/dl\/thumb\/f992264c-4ab6-45e9-afef-47c8b4d68a7b\/Fotos\/DSC04790.JPG?format=jpeg&amp;size=xl&amp;crop=false\" alt=\"\" width=\"436\" height=\"290\" \/><\/p>\n<p>Cerca das 07:15h, j\u00e1 est\u00e1vamos nas Minas La Isabel. N\u00e3o demor\u00e1mos a arrancar, n\u00e3o sem antes da inicial foto da praxe\u2026 Mas tal n\u00e3o era o entusiamo entre alguns dos participantes que enquanto uns posavam para a foto, j\u00e1 o Morgas se lan\u00e7ava direito \u00e0 cache! E num \u00e1pice estava a ser logada\u2026 quando muitos ainda estavam a ligar o gps. As primeiras caches rapidamente foram sendo alcan\u00e7adas, embora num ritmo lento pois esper\u00e1vamos que o pessoal vindo de \u00c9vora se juntasse ao grupo. O que viria a acontecer pela 5\u00aa cache.<\/p>\n<p>Com todos juntos o ritmo foi aumentando. A frente do grupo seria tomada principalmente por pessoal que por sinal seria a primeira vez que praticavam geocaching. Tal n\u00e3o foi o afinco com que encararam a tarefa, que se lan\u00e7avam por todo o tipo de caminhos e obst\u00e1culos para encontrar a cache. Um excelente trabalho de equipa foi sendo desenvolvido, pois enquanto os da frente encontravam a cache, quem vinha mais atr\u00e1s lan\u00e7ava-se de imediato na procura da cache seguinte e assim sucessivamente. \u00c9 a vantagem de seguir em grupo e ter pela frente dezenas de caches. Isto permitiu progredir pelo caminho sem perder muito tempo. S\u00f3 mesmo naquelas caches emque o contentor desapareceu, \u00e9 que a paragem foi maior. Nessas procur\u00e1mos exaustivamente para ter a certeza que o contentor estava mesmo desaparecido. Ap\u00f3s chegarmos a essa conclus\u00e3o, deix\u00e1mos contentores de substitui\u00e7\u00e3o. Felizmente o Rui (AR Team) foi prevenido nesse sentido =)<\/p>\n<p><img loading=\"lazy\" decoding=\"async\" class=\"lightboxContent aligncenter\" src=\"https:\/\/cld.pt\/dl\/thumb\/f992264c-4ab6-45e9-afef-47c8b4d68a7b\/Fotos\/DSC04847.JPG?format=jpeg&amp;size=xl&amp;crop=false\" alt=\"\" width=\"437\" height=\"290\" \/><\/p>\n<p>A primeira paragem \u201ct\u00e9cnica\u201d \u2013 diga-se para repor energias, seria em El Sard\u00f3n. \u00c9 a primeira zona do percurso que tem umas mesas e bancos para pic-nic \u00e0 maneira. Nesta altura o calor j\u00e1 se ia fazendo sentir, pelo que soube bem a curta paragem.<\/p>\n<p><img loading=\"lazy\" decoding=\"async\" class=\" aligncenter\" src=\"https:\/\/cld.pt\/dl\/thumb\/f992264c-4ab6-45e9-afef-47c8b4d68a7b\/Fotos\/DSC04879.JPG?format=jpeg&amp;size=xl&amp;crop=false\" alt=\"\" width=\"436\" height=\"289\" \/><\/p>\n<p>\u00c0 medida que os quil\u00f3metros se iam somando, o objectivo final ia ficando mais pr\u00f3ximo. O principal advers\u00e1rio seria o cansa\u00e7o que tamb\u00e9m se acumulava quando o calor se ia tornando cada vez forte. Ao passarmos o Canal del Embalse del Chanza, um mergulho era j\u00e1 s\u00f3 o que todos desejavam.<\/p>\n<p>Felizmente o caminho est\u00e1 em perfeitas condi\u00e7\u00f5es para ser percorrido, a p\u00e9 ou de bicicleta, e n\u00e3o oferece grande dificuldade de ser transposto.Fauna e flora foram uma constante durante o percurso.<\/p>\n<p><img loading=\"lazy\" decoding=\"async\" class=\"lightboxContent aligncenter\" src=\"https:\/\/cld.pt\/dl\/thumb\/f992264c-4ab6-45e9-afef-47c8b4d68a7b\/Fotos\/DSC04931.JPG?format=jpeg&amp;size=xl&amp;crop=false\" alt=\"\" width=\"927\" height=\"244\" \/><\/p>\n<p>O \u00faltimo quil\u00f3metro do percurso, leva-nos a cruzar a estrada principal (por onde j\u00e1 hav\u00edamos passado). Pouco mais \u00e0 frente, passamos um t\u00fanel de 25 metros escavado na rocha. Este praticamente leva-nos de encontro ao Rio Guadiana e por conseguinte ao nosso objectivo final l\u00e1 em baixo. A paisagem \u00e9 soberba e motiva-nos a percorrer os \u00faltimos metros de encontro ao porto. Existe tamb\u00e9m bastante informa\u00e7\u00e3o nos v\u00e1rios placards existentes no miradouro junto \u00e0s ru\u00ednas.<\/p>\n<p><img loading=\"lazy\" decoding=\"async\" class=\"lightboxContent aligncenter\" src=\"https:\/\/cld.pt\/dl\/thumb\/f992264c-4ab6-45e9-afef-47c8b4d68a7b\/Fotos\/DSC04959.JPG?format=jpeg&amp;size=xl&amp;crop=false\" alt=\"\" width=\"437\" height=\"290\" \/><\/p>\n<p>Para finalizar os 17km, s\u00f3 faltava mesmo descer at\u00e9 ao n\u00edvel do rio para alcan\u00e7ar o objectivo final: Puerto de La Laja!<\/p>\n<p><img loading=\"lazy\" decoding=\"async\" class=\"lightboxContent aligncenter\" src=\"https:\/\/cld.pt\/dl\/thumb\/f992264c-4ab6-45e9-afef-47c8b4d68a7b\/Fotos\/DSC04996.JPG?format=jpeg&amp;size=xl&amp;crop=false\" alt=\"\" width=\"437\" height=\"290\" \/><\/p>\n<p>Uns mais cansados que outros, todos cheg\u00e1mos com aquele gostinho especial de dever cumprido ao ter alcan\u00e7ado o objectivo final. Foram 17km percorridos ao longo de paisagens singulares, na companhia de excelentes companheiros de caminhada. Boa disposi\u00e7\u00e3o e entre-ajuda consolidou o grupo para as pr\u00f3ximas aventuras!<\/p>\n<p>Galeria de Fotos: <a href=\"https:\/\/www.facebook.com\/media\/set\/?set=a.1059762497386961.1073741862.589375161092366&amp;type=3\">LINK<\/a><\/p>\n","protected":false},"excerpt":{"rendered":"<p>O dia come\u00e7ou bem cedo\u2026 Alvorada pelas 05:00h da manh\u00e3! Uma hora que inicialmente n\u00e3o foi muito consensual entre todos, mas que se mostraria acertada\u2026 M\u00e9rtola viria a ser o ponto de encontro para quem seguia de Beja e de&#8230;<br \/><a class=\"read-more-button\" href=\"https:\/\/geoalentejo.com\/?p=263\">Read more<\/a><\/p>\n","protected":false},"author":1,"featured_media":264,"comment_status":"closed","ping_status":"open","sticky":false,"template":"","format":"standard","meta":{"footnotes":""},"categories":[3],"tags":[],"class_list":["post-263","post","type-post","status-publish","format-standard","has-post-thumbnail","hentry","category-eventos"],"_links":{"self":[{"href":"https:\/\/geoalentejo.com\/index.php?rest_route=\/wp\/v2\/posts\/263","targetHints":{"allow":["GET"]}}],"collection":[{"href":"https:\/\/geoalentejo.com\/index.php?rest_route=\/wp\/v2\/posts"}],"about":[{"href":"https:\/\/geoalentejo.com\/index.php?rest_route=\/wp\/v2\/types\/post"}],"author":[{"embeddable":true,"href":"https:\/\/geoalentejo.com\/index.php?rest_route=\/wp\/v2\/users\/1"}],"replies":[{"embeddable":true,"href":"https:\/\/geoalentejo.com\/index.php?rest_route=%2Fwp%2Fv2%2Fcomments&post=263"}],"version-history":[{"count":6,"href":"https:\/\/geoalentejo.com\/index.php?rest_route=\/wp\/v2\/posts\/263\/revisions"}],"predecessor-version":[{"id":270,"href":"https:\/\/geoalentejo.com\/index.php?rest_route=\/wp\/v2\/posts\/263\/revisions\/270"}],"wp:featuredmedia":[{"embeddable":true,"href":"https:\/\/geoalentejo.com\/index.php?rest_route=\/wp\/v2\/media\/264"}],"wp:attachment":[{"href":"https:\/\/geoalentejo.com\/index.php?rest_route=%2Fwp%2Fv2%2Fmedia&parent=263"}],"wp:term":[{"taxonomy":"category","embeddable":true,"href":"https:\/\/geoalentejo.com\/index.php?rest_route=%2Fwp%2Fv2%2Fcategories&post=263"},{"taxonomy":"post_tag","embeddable":true,"href":"https:\/\/geoalentejo.com\/index.php?rest_route=%2Fwp%2Fv2%2Ftags&post=263"}],"curies":[{"name":"wp","href":"https:\/\/api.w.org\/{rel}","templated":true}]}}