{"id":460,"date":"2016-03-05T15:16:42","date_gmt":"2016-03-05T15:16:42","guid":{"rendered":"https:\/\/geoalentejo.com\/?p=460"},"modified":"2016-03-05T15:16:42","modified_gmt":"2016-03-05T15:16:42","slug":"geo-alentejo-3o-aniversario-rescaldo","status":"publish","type":"post","link":"https:\/\/geoalentejo.com\/?p=460","title":{"rendered":"Geo Alentejo &#8211; 3\u00ba Anivers\u00e1rio (Rescaldo)"},"content":{"rendered":"<p>O in\u00edcio de mais um ano \u00e9 tamb\u00e9m sin\u00f3nimo de comemora\u00e7\u00e3o de mais um anivers\u00e1rio do Geo Alentejo. Este ano a organiza\u00e7\u00e3o apostou numa das capitais do Alentejo, a bonita cidade de Beja.<\/p>\n<p>A cidade de Beja \u00e9 considerada a capital do Baixo Alentejo e oferece uma vasta variedade de atividades, aos seus habitantes e forasteiros. Desde passeios pela ciclovia circundante, uma diversidade de museus, monumentos entre os quais destaco o Castelo, entre outros pontos de interesse.<\/p>\n<p>Este fim-de-semana come\u00e7ou soalheiro ao contr\u00e1rio dos dias que o antecederam, e que antecipavam poucas condi\u00e7\u00f5es para o Geocaching. Na manh\u00e3 de S\u00e1bado, fizemos o check-in e seguiu-se um interessante workshop onde foram debatidos v\u00e1rios temas relacionados com o Geocaching e as suas pr\u00e1ticas. O interesse dos participantes foi not\u00f3rio e a partilha de experiencias foi fundamental.<\/p>\n<p>Seguiu-se um almo\u00e7o com cerca de 40 participantes para todos degustarmos da fant\u00e1stica carne de porco \u00e0 alentejana, que n\u00e3o podia mesmo faltar. Ainda houve direito a uma prenda surpresa preparada pela organiza\u00e7\u00e3o, que se tornou mais um momento bem divertido.<\/p>\n<p>Um dos grandes momentos do dia aproximava-se, a visita \u00e0 Base A\u00e9rea N\u00ba 11. Todos os participantes agruparam-se \u00e0 entrada, onde foi feito o briefing sobre esta visita. \u00c0 chegada fomos guiados pelos membros da For\u00e7a A\u00e9rea aos pontos de maior interesse dentro da Base, o Museu e visita \u00e0 aeronave P-3C Cup+. Para quem n\u00e3o sabe o P-3C Cup+ resulta de um programa de moderniza\u00e7\u00e3o de 5 P-3C adquiridos \u00e0 Holanda, tendo o prot\u00f3tipo sido formalmente entregue em setembro de 2010.<\/p>\n<p>O P-3C CUP+ mant\u00e9m todas as capacidades de patrulhamento mar\u00edtimo herdadas do P-3P, nomeadamente Luta Anti-Submarina (ASW), Luta Anti-Superf\u00edcie (ASuW), e Busca e Salvamento (SAR). Al\u00e9m disso, um conjunto de sensores modernos associados a um sistema t\u00e1tico de miss\u00e3o completamente integrado, capacita o P-3C CUP+ a operar tamb\u00e9m em diversas miss\u00f5es em ambiente terrestre. Ficou tamb\u00e9m equipado com um sistema de autoprote\u00e7\u00e3o MLWS (Missile and Laser Warning System), que permite a dete\u00e7\u00e3o de amea\u00e7as e o disparo de contra-medidas.<\/p>\n<p>A conjuga\u00e7\u00e3o destas capacidades com as carater\u00edsticas inatas desta aeronave, onde se destacam a sua enorme autonomia, raio de a\u00e7\u00e3o, velocidade, a disponibilidade para transportar sensores e armamento, operar de dia e de noite e em quaisquer condi\u00e7\u00f5es meteorol\u00f3gicas, resultaram num sistema de armas extremamente vers\u00e1til e flex\u00edvel.<\/p>\n<p>O P-3C CUP+ iniciou a sua opera\u00e7\u00e3o a 1 de janeiro de 2011, tendo efetuado o seu &#8220;Batismo de Fogo&#8221; na Opera\u00e7\u00e3o &#8220;Ocean Shield&#8221; ao servi\u00e7o da NATO no Oceano \u00cdndico, em miss\u00f5es de combate \u00e0 Pirataria com excelentes resultados e uma prontid\u00e3o de 100%. Esta visita dividiu-se ent\u00e3o nestes dois momentos, uma visita ao museu da For\u00e7a A\u00e9rea onde foi poss\u00edvel ver diferentes tipos de avi\u00f5es de salvamento e\/ou guerra e a visita ao P3C CUP+, onde foi poss\u00edvel ver a v\u00e1ria pan\u00f3plia de equipamentos que s\u00e3o usados na dete\u00e7\u00e3o e busca tanto mar\u00edtima como terreste, bem como uma breve explica\u00e7\u00e3o do tipo de miss\u00e3o que este avi\u00e3o faz.<\/p>\n<p>Depois da visita \u00e0 Base A\u00e9rea, o programa oferecia um Jantar, com destaque para o Cante Alentejano, cantado pelo grupo Filhos do Alentejo. Sem d\u00favida mais um grande momento, que certamente deixou os participantes ainda mais satisfeitos. Termin\u00e1mos a noite com os Parab\u00e9ns ao Geo Alentejo ao som do grupo de cantares, tornando o momento ainda mais especial.<\/p>\n<p>O segundo dia ofereceu-nos dois programas distintos pela manh\u00e3, um passeio de BTT para os mais radicais e um passeio pelos Museus da cidade, como alternativa. No passeio de BTT as condi\u00e7\u00f5es meteorol\u00f3gicas previam-se adversas, com alguma chuva a cair na hora da partida. No entanto, com o desenrolar do passeio as condi\u00e7\u00f5es foram melhorando, tornando os 25KM percorridos numa volta bastante agrad\u00e1vel, com destaque para o bom ambiente entre os participantes.<br \/>\nA visita aos museus foi bastante enriquecedora pois podemos conhecer um pouco mais da riqueza hist\u00f3rica da cidade de Beja e descobrir recantos e particularidades que de outra forma n\u00e3o seria poss\u00edvel. Foram visitados os seguintes museus: Museu Regional de Beja\/Museu Rainha D. Leonor; N\u00facleo Museol\u00f3gico da Rua do Sembrano; Museu Jorge Vieira\/Casa das Artes e por fim a Capela do Antigo Hospital\/Hospital da Miseric\u00f3rdia<\/p>\n<p>Ap\u00f3s estes passeios merec\u00edamos um bela refei\u00e7\u00e3o, mais uma vez, superou as expectativas, sempre com um bom ambiente e com algumas surpresas, desta vez para os BTTistas, brindados com um pr\u00e9mio simb\u00f3lico pelo seu esfor\u00e7o.<\/p>\n<p>Terminado que estava o almo\u00e7o, e antes de se iniciar o CITO, teve in\u00edcio a corrida de trackables \u201cBaja TB Alentejo 2016\u201d, que est\u00e1 a ser organizada em conjunto entre o Geo Alentejo e a GeoMag. Os trackables estavam alinhados junto do ponto de partida, e foi num \u00e1pice que deram um salto para outros Geocachers, que certamente lhes dar\u00e3o um rumo. Daqui a um ano veremos quem acumula mais quil\u00f3metros e se sagra assim campe\u00e3o desta corrida.<\/p>\n<p>Aproveitando um termo da For\u00e7a A\u00e9rea \u201cF.O.D.\u201d (Foreign Object Damage), foi promovido um CITO. Ap\u00f3s o briefing, os presentes participaram ativamente neste evento, tendo contribu\u00eddo para a limpeza do Jardim Residencial da For\u00e7a A\u00e9rea.<\/p>\n<p>Terminado o segundo dia, ficamos sem d\u00favida com a sensa\u00e7\u00e3o que este foi, de facto, um fim-de-semana muito bem passado, e esperamos que os esfor\u00e7os de toda a organiza\u00e7\u00e3o para que o mesmo fosse usufru\u00eddo o m\u00e1ximo poss\u00edvel por todos os visitantes tenha sido alcan\u00e7ado.<\/p>\n<p>Abra\u00e7os e at\u00e9 para o ano!<\/p>\n","protected":false},"excerpt":{"rendered":"<p>O in\u00edcio de mais um ano \u00e9 tamb\u00e9m sin\u00f3nimo de comemora\u00e7\u00e3o de mais um anivers\u00e1rio do Geo Alentejo. Este ano a organiza\u00e7\u00e3o apostou numa das capitais do Alentejo, a bonita cidade de Beja. A cidade de Beja \u00e9 considerada a&#8230;<br \/><a class=\"read-more-button\" href=\"https:\/\/geoalentejo.com\/?p=460\">Read more<\/a><\/p>\n","protected":false},"author":1,"featured_media":461,"comment_status":"closed","ping_status":"open","sticky":false,"template":"","format":"standard","meta":{"footnotes":""},"categories":[3],"tags":[],"class_list":["post-460","post","type-post","status-publish","format-standard","has-post-thumbnail","hentry","category-eventos"],"_links":{"self":[{"href":"https:\/\/geoalentejo.com\/index.php?rest_route=\/wp\/v2\/posts\/460","targetHints":{"allow":["GET"]}}],"collection":[{"href":"https:\/\/geoalentejo.com\/index.php?rest_route=\/wp\/v2\/posts"}],"about":[{"href":"https:\/\/geoalentejo.com\/index.php?rest_route=\/wp\/v2\/types\/post"}],"author":[{"embeddable":true,"href":"https:\/\/geoalentejo.com\/index.php?rest_route=\/wp\/v2\/users\/1"}],"replies":[{"embeddable":true,"href":"https:\/\/geoalentejo.com\/index.php?rest_route=%2Fwp%2Fv2%2Fcomments&post=460"}],"version-history":[{"count":1,"href":"https:\/\/geoalentejo.com\/index.php?rest_route=\/wp\/v2\/posts\/460\/revisions"}],"predecessor-version":[{"id":462,"href":"https:\/\/geoalentejo.com\/index.php?rest_route=\/wp\/v2\/posts\/460\/revisions\/462"}],"wp:featuredmedia":[{"embeddable":true,"href":"https:\/\/geoalentejo.com\/index.php?rest_route=\/wp\/v2\/media\/461"}],"wp:attachment":[{"href":"https:\/\/geoalentejo.com\/index.php?rest_route=%2Fwp%2Fv2%2Fmedia&parent=460"}],"wp:term":[{"taxonomy":"category","embeddable":true,"href":"https:\/\/geoalentejo.com\/index.php?rest_route=%2Fwp%2Fv2%2Fcategories&post=460"},{"taxonomy":"post_tag","embeddable":true,"href":"https:\/\/geoalentejo.com\/index.php?rest_route=%2Fwp%2Fv2%2Ftags&post=460"}],"curies":[{"name":"wp","href":"https:\/\/api.w.org\/{rel}","templated":true}]}}