{"id":782,"date":"2018-11-24T12:18:29","date_gmt":"2018-11-24T12:18:29","guid":{"rendered":"https:\/\/geoalentejo.com\/?p=782"},"modified":"2019-01-07T21:40:56","modified_gmt":"2019-01-07T21:40:56","slug":"geo-alentejo-6o-aniversario","status":"publish","type":"post","link":"https:\/\/geoalentejo.com\/?p=782","title":{"rendered":"Geo Alentejo &#8211; 6\u00ba Anivers\u00e1rio"},"content":{"rendered":"<p style=\"text-align: justify;\">No dia 8 de Janeiro de 2013 nasceu o Geo Alentejo, atrav\u00e9s de um grupo de amigos, com o objectivo de promover o melhor do que h\u00e1 escondido pelo Alentejo. Desde ent\u00e3o o nosso grupo tem crescido e s\u00e3o cada vez mais os nossos membros, amigos e simpatizantes, sendo estes os principais respons\u00e1veis pela nossa exist\u00eancia.<\/p>\n<p>O nosso 6\u00ba Anivers\u00e1rio, vai ser comemorado nos dias <strong>12 e 13 de Janeiro<\/strong>. O convite desta vez ser\u00e1 a visita ao concelho de <strong>Aljustrel<\/strong>, onde ser\u00e1 poss\u00edvel fazerem uma viagem no tempo e contemplar toda uma pan\u00f3plia de patrim\u00f3nio industrial inerente \u00e0 actividade mineira, que marca o concelho desde o tempo dos romanos. As minas de Aljustrel s\u00e3o uma das mais antigas minas do mundo ainda em labora\u00e7\u00e3o.<\/p>\n<p>O listing oficial pode ser consultado no seguinte <a href=\"https:\/\/www.geocaching.com\/geocache\/GC7ZQ14\">LINK<\/a>.<\/p>\n<h2>As inscri\u00e7\u00f5es nas actividades e jantar de anivers\u00e1rio, devem ser feitas no seguinte <a href=\"https:\/\/docs.google.com\/forms\/d\/e\/1FAIpQLSdrCjdLQnFXpXFVeWBjXAIrv5N2c0uYsII13uUdueNL0f_N2A\/viewform\" target=\"_blank\">LINK<\/a>.<\/h2>\n<p>O programa do evento \u00e9 o seguinte:<\/p>\n<p><strong>S\u00e1bado (Dia 12)<\/strong><\/p>\n<p>09H30 &#8211; Abertura do Check-in (Posto de Turismo &#8211; N37\u00b0 52.659 W008\u00b0 09.785)<\/p>\n<p>A recep\u00e7\u00e3o aos visitantes ser\u00e1 feita no posto de turismo de Aljustrel. Um antigo edif\u00edcio de uma escola prim\u00e1ria, agora recuperado e destinado ao turismo e outras actividades sociais. Ali perto, poder\u00e3o encontrar o agrad\u00e1vel e espa\u00e7oso Jardim 25 de Abril. No recinto do mesmo, existe um bar e casas de banho p\u00fablicas.<br \/>\n10H30 &#8211; Visita ao Museu Municipal (N37\u00b0 52.831 W008\u00b0 09.869) \/ Ermida de Nossa Senhora do Castelo (N37\u00b0 52.869 W008\u00b0 10.027)<\/p>\n<p>N\u00facleo Museol\u00f3gico de Aljustrel<\/p>\n<p>Aljustrel possui um patrim\u00f3nio arqueol\u00f3gico not\u00e1vel, reconhecido tanto em Portugal como no estrangeiro, resultado de cerca de um s\u00e9culo de investiga\u00e7\u00f5es efectuadas em diversos s\u00edtios arqueol\u00f3gicos do concelho.<\/p>\n<p>A\u00a0cole\u00e7\u00e3o de Arqueologia \u00e9\u00a0composta por \u00a0materiais recolhidos no concelho em interven\u00e7\u00f5es arqueol\u00f3gicas e de achados fortuitos. Atrav\u00e9s de um protocolo com a empresa mineira Pirites Alentejanas, SA, o museu ficou com o dep\u00f3sito de todos os materiais que faziam parte do antigo Museu da Mina. Estes abarcam um per\u00edodo cronol\u00f3gico que vai desde a Pr\u00e9-hist\u00f3ria at\u00e9 \u00e0 Idade M\u00e9dia, com especial \u00eanfase no per\u00edodo romano.<\/p>\n<p><span style=\"text-decoration: underline;\">A entrada \u00e9 gratuita.<\/span><\/p>\n<p>Santu\u00e1rio de Nossa Senhora do Castelo<\/p>\n<p>Este Santu\u00e1rio, composto por um belo escad\u00f3rio que parte da Rua de Nossa Senhora do Castelo at\u00e9 ao Adro da Ermida, um aut\u00eantico miradouro sobre o concelho de Aljustrel e lim\u00edtrofes, onde se encontra um Arco em forma de Campan\u00e1rio com um pequeno sino que outrora chamava a popula\u00e7\u00e3o para o culto e alarmava para os inc\u00eandios. A Ermida \u00e9 de uma s\u00f3 nave, em que as paredes interiores se encontram revestidas de azulejos tipo tape\u00e7aria do s\u00e9c. XVII, nos anos sessenta do s\u00e9culo XX, a zona do altar-mor desmoronou-se tendo sido ent\u00e3o constru\u00edda a parte inferior em alvenaria e aproveitada toda a madeira da parte superior e reconstitu\u00eddo o ret\u00e1bulo. Este templo \u00e9 t\u00e3o antigo que na Visita\u00e7\u00e3o feita \u00e1 Vila, no ano 1510, afirmava-se que era t\u00e3o antigo que n\u00e3o havia mem\u00f3ria de quem o edificasse, mas segundo se cr\u00ea, foi mandada construir por D. Paio Peres Correia. Narra a lenda associada \u00e0 Ermida, que o construtor pretendia deixar de fora uma rocha sob a qual a Virgem Maria tinha aparecido ap\u00f3s a conquista crist\u00e3, mas sempre que os pedreiros deixavam o trabalho, \u00e0 noite, as paredes ru\u00edam misteriosamente, at\u00e9 que ent\u00e3o resolveram edificar a Ermida sobre a rocha, nunca mais tendo ru\u00eddo. Diz ainda a lenda, que ao encostarmos o ouvido nesta rocha ouve-se o mar ao fundo e se algum dia esta for arrancada o mar entrar\u00e1 por ali e inundar\u00e1 a vila.\u00a0A devo\u00e7\u00e3o a Nossa Senhora do Castelo est\u00e1 enraizada nas gentes deste concelho, e teve o seu pico maior na nossa era, nos tempos da Guerra do Ultramar. Fato que comprova esta devo\u00e7\u00e3o, s\u00e3o os in\u00fameros ex-votos em forma de fotografias, joias e outras pe\u00e7as de ourivesaria, figuras de cera, de fitas de cetim, flores.<br \/>\n12H30 &#8211; Almo\u00e7o Livre (1)<br \/>\n15H00 &#8211; Visita ao Complexo do Parque Mineiro de Aljustrel (N37\u00b0 52.090 W008\u00b0 09.833)<\/p>\n<p>Aljustrel possui ao longo da sua \u00e1rea geogr\u00e1fica, algumas instala\u00e7\u00f5es industriais mineiras j\u00e1 desactivadas, que s\u00e3o testemunho \u00fanico de pr\u00e1ticas mineiras que v\u00eam do s\u00e9c. XIX, com imenso patrim\u00f3nio m\u00f3vel e im\u00f3vel, de arqueologia cl\u00e1ssica e industrial, com valor hist\u00f3rico e patrimonial e que urge preservar uma vez que j\u00e1 n\u00e3o existe em mais nenhuma mina da Faixa Piritosa Ib\u00e9rica.<\/p>\n<p>S\u00e3o de real\u00e7ar as instala\u00e7\u00f5es da antiga cementa\u00e7\u00e3o com edif\u00edcios anexos, onde se obtinha cobre a partir da sucata de ferro e das \u00e1guas que vinham do interior da mina, da central el\u00e9ctrica, uma das mais antigas do Baixo Alentejo e que chegou a fornecer energia a localidades vizinhas, dos malacates (elevadores) com os respectivos edif\u00edcios adjacentes por onde subiam e desciam homens, m\u00e1quinas e min\u00e9rio at\u00e9 \u00e0s profundezas da terra, a sala dos compressores, hoje musealizada e onde era produzido o ar comprimido para os trabalhos mineiros. Trata-se de vest\u00edgios de um tipo de minera\u00e7\u00e3o j\u00e1 desactualizado nos dias de hoje, mas que foi utilizado durante muitas d\u00e9cadas nas minas de Aljustrel e da Faixa Piritosa e de que j\u00e1 n\u00e3o existem vest\u00edgios nas outras minas o que, de algum modo, valoriza estes equipamentos.<\/p>\n<p>O patrim\u00f3nio m\u00f3vel est\u00e1 representado por duas componentes: os materiais de arqueologia cl\u00e1ssica e os de arqueologia industrial. Enquanto os primeiros est\u00e3o salvaguardados no Museu Municipal de Arqueologia, os segundos encontram-se dispersos pelo couto mineiro, com as locomotivas antigas e as vagonas, que se encontram ao ar livre. De referir que das locomotivas ainda existentes, umas eram utilizadas em trabalhos de superf\u00edcie e outras no interior das galerias da mina.<\/p>\n<p><strong>Locais de interesse:<\/strong><\/p>\n<ul>\n<li>Casa do Procurador<\/li>\n<li>Cementa\u00e7\u00e3o das Pedras Brancas<\/li>\n<li>Cementa\u00e7\u00e3o dos Algares<\/li>\n<li>Central el\u00e9trica<\/li>\n<li>Chamin\u00e9 da Transtagana<\/li>\n<li>Chap\u00e9u de ferro<\/li>\n<li>Corta de S. Jo\u00e3o do Deserto<\/li>\n<li>Escoriais Romanos<\/li>\n<li>Malacate de S. Jo\u00e3o do Deserto<\/li>\n<li>Teleiras das Pedras Brancas<\/li>\n<li>Malacate Po\u00e7o de Viana<\/li>\n<li>Malacate Vipasca<\/li>\n<li>Oficina Metal\u00fargica Romana<\/li>\n<li>Represa<\/li>\n<li>Toldas<\/li>\n<\/ul>\n<p>20H00 &#8211; Jantar de Anivers\u00e1rio &#8211; Inscri\u00e7\u00e3o: <a href=\"https:\/\/docs.google.com\/forms\/d\/e\/1FAIpQLSdrCjdLQnFXpXFVeWBjXAIrv5N2c0uYsII13uUdueNL0f_N2A\/viewform\" target=\"_blank\">LINK<\/a><\/p>\n<p><strong>Restaurante \u201cAs Piscinas\u201d (N37\u00b0 52.615\u00a0 W008\u00b0 09.641)<\/strong><\/p>\n<p><strong>Ementa:<\/strong><\/p>\n<p>Entrada: P\u00e3o \/Azeitonas \/ Paio \/ Queijo \/ Riss\u00f3is \/ Croquetes<\/p>\n<p>Sopa: Creme de coentros<\/p>\n<p>Prato: Lombo de Porco no Forno<\/p>\n<p>Sobremesa: Tarte de Natas \/ Mousse de chocolate \/ Salada de fruta<\/p>\n<p>Bebidas: \u00c1gua \/ Cerveja \/ Refrigerante \/ Vinho da casa \/ Caf\u00e9<\/p>\n<p>Durante o jantar, teremos o privil\u00e9gio de poder ouvir o Grupo Coral do Sindicato dos Trabalhadores da Ind\u00fastria Mineira \u2013 o grupo de Cante Alentejano mais antigo do Mundo!<\/p>\n<p>O Cante Alentejano \u00e9 considerado Patrim\u00f3nio Imaterial da Humanidade pela UNESCO.<\/p>\n<p><a href=\"https:\/\/geoalentejo.com\/wp-content\/uploads\/2018\/11\/aaa.jpg\"><img loading=\"lazy\" decoding=\"async\" class=\"aligncenter size-full wp-image-787\" src=\"https:\/\/geoalentejo.com\/wp-content\/uploads\/2018\/11\/aaa.jpg\" alt=\"aaa\" width=\"600\" height=\"400\" srcset=\"https:\/\/geoalentejo.com\/wp-content\/uploads\/2018\/11\/aaa.jpg 600w, https:\/\/geoalentejo.com\/wp-content\/uploads\/2018\/11\/aaa-300x200.jpg 300w\" sizes=\"auto, (max-width: 600px) 100vw, 600px\" \/><\/a><\/p>\n<p><strong>\u00a0Domingo (Dia 13)<\/strong><\/p>\n<p>10H00 &#8211; Abertura do Check-in (Posto de Turismo &#8211; N37\u00b0 52.659 W008\u00b0 09.785)<br \/>\n10H30 &#8211; Caminhada pelos bairros mineiros<\/p>\n<p>Ser\u00e1 uma caminhada com n\u00edvel de dificuldade baixo, com cerca de 10km de dist\u00e2ncia. Iremos percorrer os bairros mineiros que caracterizam a vila de Aljustrel, e que remontam aos prim\u00f3rdios da vila Vipasca.<\/p>\n<p>Prepar\u00e1mos um conjunto de novas caches para visitarem durante o percurso.<br \/>\n13H00 &#8211; Fim do Evento<\/p>\n<p>&nbsp;<\/p>\n<p><strong><sup>(1)<\/sup><\/strong><strong> Restaura\u00e7\u00e3o<\/strong><\/p>\n<p><a href=\"https:\/\/goo.gl\/maps\/HLrWD3pho6S2\">O Cabecinha<\/a><\/p>\n<p><a href=\"https:\/\/goo.gl\/maps\/Fcp1w4jiWT22\">Fio d\u00b4 Azeite<\/a> (encerra ao domingo)<\/p>\n<p><a href=\"https:\/\/goo.gl\/maps\/sqQHMCChbPG2\">Churrasqueira O Fogareiro<\/a><\/p>\n<p><a href=\"https:\/\/goo.gl\/maps\/q8zkihUiMK92\">Pizzaria Rafaelo<\/a> (encerra ao domingo)<\/p>\n<p>Restaurante As Piscinas<\/p>\n<p><a href=\"https:\/\/goo.gl\/maps\/jnrrqFypPwA2\">Bangula<\/a> (encerra ao domingo)<\/p>\n<p>&nbsp;<\/p>\n<h2><strong>Alojamentos<\/strong><strong> \u2013 ao efectuar a sua reserva, indique o nome <u>Geo Alentejo<\/u> para beneficiar dos descontos indicados<\/strong><\/h2>\n<p>&nbsp;<\/p>\n<p><u>Hotel Villa Aljustrel<\/u><\/p>\n<p><a href=\"https:\/\/geoalentejo.com\/wp-content\/uploads\/2018\/11\/1.png\"><img loading=\"lazy\" decoding=\"async\" class=\" wp-image-792 alignnone\" src=\"https:\/\/geoalentejo.com\/wp-content\/uploads\/2018\/11\/1-1024x389.png\" alt=\"1\" width=\"271\" height=\"103\" srcset=\"https:\/\/geoalentejo.com\/wp-content\/uploads\/2018\/11\/1-1024x389.png 1024w, https:\/\/geoalentejo.com\/wp-content\/uploads\/2018\/11\/1-600x228.png 600w, https:\/\/geoalentejo.com\/wp-content\/uploads\/2018\/11\/1-300x114.png 300w, https:\/\/geoalentejo.com\/wp-content\/uploads\/2018\/11\/1-1170x445.png 1170w, https:\/\/geoalentejo.com\/wp-content\/uploads\/2018\/11\/1.png 1976w\" sizes=\"auto, (max-width: 271px) 100vw, 271px\" \/><\/a><\/p>\n<p>Contactos: 284 600 800 \/ info@hotelaljustrel.com<\/p>\n<ul>\n<li>Quarto individual: 50.00\u20ac;<\/li>\n<li>Quarto twin\/duplo: 75.00\u20ac;<\/li>\n<li>Quarto twin com cama extra (3 pessoas): 90.00\u20ac;<\/li>\n<li>Quarto duplo superior: 90.00\u20ac.<\/li>\n<\/ul>\n<p>O valor apresentado inclui pequeno-almo\u00e7o, acesso ao gin\u00e1sio, sauna e banho turco.<\/p>\n<p><strong>Desconto de 15%<\/strong> sobre as tarifas apresentadas bem como um <strong>desconto de 10%<\/strong> para o servi\u00e7o de restaurante (Fio d\u2019Azeite) \u00e0 carta.<\/p>\n<p><u>Casa de Campo do Roxo<\/u><\/p>\n<p><a href=\"https:\/\/geoalentejo.com\/wp-content\/uploads\/2018\/11\/2.jpg\"><img loading=\"lazy\" decoding=\"async\" class=\" wp-image-794 alignnone\" src=\"https:\/\/geoalentejo.com\/wp-content\/uploads\/2018\/11\/2.jpg\" alt=\"2\" width=\"435\" height=\"141\" srcset=\"https:\/\/geoalentejo.com\/wp-content\/uploads\/2018\/11\/2.jpg 389w, https:\/\/geoalentejo.com\/wp-content\/uploads\/2018\/11\/2-300x97.jpg 300w\" sizes=\"auto, (max-width: 435px) 100vw, 435px\" \/><\/a><\/p>\n<p>Contactos: 284400592 \/ 934467862 \/ casadoroxo@gmail.com<\/p>\n<ul>\n<li>Valor noite 2pax, com pequeno almo\u00e7o 70\u20ac<\/li>\n<li>Valor noite 1pax, com pequeno almo\u00e7o 60\u20ac<\/li>\n<\/ul>\n<p><strong>Desconto de 10%<\/strong> sobre as tarifas apresentadas<\/p>\n<p><u>Agro-Turismo do Roxo<\/u><\/p>\n<p><a href=\"https:\/\/geoalentejo.com\/wp-content\/uploads\/2018\/11\/3.png\"><img loading=\"lazy\" decoding=\"async\" class=\" wp-image-795 alignnone\" src=\"https:\/\/geoalentejo.com\/wp-content\/uploads\/2018\/11\/3.png\" alt=\"3\" width=\"309\" height=\"122\" srcset=\"https:\/\/geoalentejo.com\/wp-content\/uploads\/2018\/11\/3.png 882w, https:\/\/geoalentejo.com\/wp-content\/uploads\/2018\/11\/3-600x237.png 600w, https:\/\/geoalentejo.com\/wp-content\/uploads\/2018\/11\/3-300x118.png 300w\" sizes=\"auto, (max-width: 309px) 100vw, 309px\" \/><\/a><\/p>\n<p>Contactos: 284 070 282 \/ 933 728 601 \/ agroturismodoroxo@gmail.com<\/p>\n<ul>\n<li>Quarto duplo: 70\u20ac regime APA<\/li>\n<li>Quarto single: 55\u20ac regime APA<\/li>\n<\/ul>\n<p>&nbsp;<\/p>\n<p><strong>Desconto de 5%<\/strong> sobre as tarifas apresentadas<\/p>\n<p>&nbsp;<\/p>\n","protected":false},"excerpt":{"rendered":"<p>No dia 8 de Janeiro de 2013 nasceu o Geo Alentejo, atrav\u00e9s de um grupo de amigos, com o objectivo de promover o melhor do que h\u00e1 escondido pelo Alentejo. Desde ent\u00e3o o nosso grupo tem crescido e s\u00e3o cada&#8230;<br \/><a class=\"read-more-button\" href=\"https:\/\/geoalentejo.com\/?p=782\">Read more<\/a><\/p>\n","protected":false},"author":1,"featured_media":784,"comment_status":"closed","ping_status":"open","sticky":false,"template":"","format":"standard","meta":{"footnotes":""},"categories":[1],"tags":[],"class_list":["post-782","post","type-post","status-publish","format-standard","has-post-thumbnail","hentry","category-geoalentejo"],"_links":{"self":[{"href":"https:\/\/geoalentejo.com\/index.php?rest_route=\/wp\/v2\/posts\/782","targetHints":{"allow":["GET"]}}],"collection":[{"href":"https:\/\/geoalentejo.com\/index.php?rest_route=\/wp\/v2\/posts"}],"about":[{"href":"https:\/\/geoalentejo.com\/index.php?rest_route=\/wp\/v2\/types\/post"}],"author":[{"embeddable":true,"href":"https:\/\/geoalentejo.com\/index.php?rest_route=\/wp\/v2\/users\/1"}],"replies":[{"embeddable":true,"href":"https:\/\/geoalentejo.com\/index.php?rest_route=%2Fwp%2Fv2%2Fcomments&post=782"}],"version-history":[{"count":10,"href":"https:\/\/geoalentejo.com\/index.php?rest_route=\/wp\/v2\/posts\/782\/revisions"}],"predecessor-version":[{"id":1952,"href":"https:\/\/geoalentejo.com\/index.php?rest_route=\/wp\/v2\/posts\/782\/revisions\/1952"}],"wp:featuredmedia":[{"embeddable":true,"href":"https:\/\/geoalentejo.com\/index.php?rest_route=\/wp\/v2\/media\/784"}],"wp:attachment":[{"href":"https:\/\/geoalentejo.com\/index.php?rest_route=%2Fwp%2Fv2%2Fmedia&parent=782"}],"wp:term":[{"taxonomy":"category","embeddable":true,"href":"https:\/\/geoalentejo.com\/index.php?rest_route=%2Fwp%2Fv2%2Fcategories&post=782"},{"taxonomy":"post_tag","embeddable":true,"href":"https:\/\/geoalentejo.com\/index.php?rest_route=%2Fwp%2Fv2%2Ftags&post=782"}],"curies":[{"name":"wp","href":"https:\/\/api.w.org\/{rel}","templated":true}]}}